{"id":511,"date":"2021-03-15T15:36:00","date_gmt":"2021-03-15T14:36:00","guid":{"rendered":"https:\/\/www.huissier-luxembourg.be\/?p=511"},"modified":"2023-05-24T09:25:50","modified_gmt":"2023-05-24T07:25:50","slug":"le-constat-dhuissier","status":"publish","type":"post","link":"https:\/\/www.huissier-luxembourg.be\/index.php\/2021\/03\/15\/le-constat-dhuissier\/","title":{"rendered":"Le constat d&rsquo;huissier"},"content":{"rendered":"\t\t<div data-elementor-type=\"wp-post\" data-elementor-id=\"511\" class=\"elementor elementor-511\" data-elementor-post-type=\"post\">\n\t\t\t\t\t\t<section class=\"elementor-section elementor-top-section elementor-element elementor-element-73d7616 elementor-section-boxed elementor-section-height-default elementor-section-height-default\" data-id=\"73d7616\" data-element_type=\"section\">\n\t\t\t\t\t\t<div class=\"elementor-container elementor-column-gap-default\">\n\t\t\t\t\t<div class=\"elementor-column elementor-col-100 elementor-top-column elementor-element elementor-element-0c4605d\" data-id=\"0c4605d\" data-element_type=\"column\">\n\t\t\t<div class=\"elementor-widget-wrap elementor-element-populated\">\n\t\t\t\t\t\t<div class=\"elementor-element elementor-element-b284099 elementor-widget elementor-widget-video\" data-id=\"b284099\" data-element_type=\"widget\" data-settings=\"{&quot;youtube_url&quot;:&quot;https:\\\/\\\/www.youtube.com\\\/watch?v=CHdPFdSEZCA&amp;ab_channel=HUISSIERSLAPRAILLEETASSOCIES&quot;,&quot;video_type&quot;:&quot;youtube&quot;,&quot;controls&quot;:&quot;yes&quot;}\" data-widget_type=\"video.default\">\n\t\t\t\t<div class=\"elementor-widget-container\">\n\t\t\t\t\t<div class=\"elementor-wrapper elementor-open-inline\">\n\t\t\t<div class=\"elementor-video\"><\/div>\t\t<\/div>\n\t\t\t\t<\/div>\n\t\t\t\t<\/div>\n\t\t\t\t\t<\/div>\n\t\t<\/div>\n\t\t\t\t\t<\/div>\n\t\t<\/section>\n\t\t\t\t<\/div>\n\t\t","protected":false},"excerpt":{"rendered":"<p>Le constat comme preuve irr\u00e9futable en vue d&rsquo;\u00e9viter ou de solutionner un litige. Cette vid\u00e9o illustre de mani\u00e8re non exhaustive les cas concrets.<\/p>\n","protected":false},"author":1,"featured_media":1178,"comment_status":"open","ping_status":"open","sticky":false,"template":"","format":"standard","meta":{"footnotes":""},"categories":[10,15],"tags":[],"class_list":["post-511","post","type-post","status-publish","format-standard","has-post-thumbnail","hentry","category-tout-voir","category-videos"],"yoast_head":"<!-- This site is optimized with the Yoast SEO plugin v22.6 - https:\/\/yoast.com\/wordpress\/plugins\/seo\/ -->\n<title>Le constat d&#039;huissier - L&#039;\u00e9tude des Huissiers de Justice Lapraille et Associ\u00e9s<\/title>\n<meta name=\"robots\" content=\"index, follow, max-snippet:-1, max-image-preview:large, max-video-preview:-1\" \/>\n<link rel=\"canonical\" href=\"https:\/\/www.huissier-luxembourg.be\/index.php\/2021\/03\/15\/le-constat-dhuissier\/\" \/>\n<meta property=\"og:locale\" content=\"fr_FR\" \/>\n<meta property=\"og:type\" content=\"article\" \/>\n<meta property=\"og:title\" content=\"Le constat d&#039;huissier - L&#039;\u00e9tude des Huissiers de Justice Lapraille et Associ\u00e9s\" \/>\n<meta property=\"og:description\" content=\"Le constat comme preuve irr\u00e9futable en vue d&#039;\u00e9viter ou de solutionner un litige. Cette vid\u00e9o illustre de mani\u00e8re non exhaustive les cas concrets.\" \/>\n<meta property=\"og:url\" content=\"https:\/\/www.huissier-luxembourg.be\/index.php\/2021\/03\/15\/le-constat-dhuissier\/\" \/>\n<meta property=\"og:site_name\" content=\"L&#039;\u00e9tude des Huissiers de Justice Lapraille et Associ\u00e9s\" \/>\n<meta property=\"article:publisher\" content=\"https:\/\/www.facebook.com\/huissiersluxembourg\/\" \/>\n<meta property=\"article:published_time\" content=\"2021-03-15T14:36:00+00:00\" \/>\n<meta property=\"article:modified_time\" content=\"2023-05-24T07:25:50+00:00\" \/>\n<meta property=\"og:image\" content=\"https:\/\/www.huissier-luxembourg.be\/wp-content\/uploads\/2021\/03\/VIGNETTES_LAPRAILLE_Plan-de-travail-1.jpg\" \/>\n\t<meta property=\"og:image:width\" content=\"1920\" \/>\n\t<meta property=\"og:image:height\" content=\"1080\" \/>\n\t<meta property=\"og:image:type\" content=\"image\/jpeg\" \/>\n<meta name=\"author\" content=\"admin\" \/>\n<meta name=\"twitter:card\" content=\"summary_large_image\" \/>\n<meta name=\"twitter:label1\" content=\"\u00c9crit par\" \/>\n\t<meta name=\"twitter:data1\" content=\"admin\" \/>\n<script type=\"application\/ld+json\" class=\"yoast-schema-graph\">{\"@context\":\"https:\/\/schema.org\",\"@graph\":[{\"@type\":\"Article\",\"@id\":\"https:\/\/www.huissier-luxembourg.be\/index.php\/2021\/03\/15\/le-constat-dhuissier\/#article\",\"isPartOf\":{\"@id\":\"https:\/\/www.huissier-luxembourg.be\/index.php\/2021\/03\/15\/le-constat-dhuissier\/\"},\"author\":{\"name\":\"admin\",\"@id\":\"https:\/\/www.huissier-luxembourg.be\/#\/schema\/person\/3f7a04113403cbb1dbc882d0e4ac21bc\"},\"headline\":\"Le constat d&rsquo;huissier\",\"datePublished\":\"2021-03-15T14:36:00+00:00\",\"dateModified\":\"2023-05-24T07:25:50+00:00\",\"mainEntityOfPage\":{\"@id\":\"https:\/\/www.huissier-luxembourg.be\/index.php\/2021\/03\/15\/le-constat-dhuissier\/\"},\"wordCount\":14,\"commentCount\":0,\"publisher\":{\"@id\":\"https:\/\/www.huissier-luxembourg.be\/#organization\"},\"image\":{\"@id\":\"https:\/\/www.huissier-luxembourg.be\/index.php\/2021\/03\/15\/le-constat-dhuissier\/#primaryimage\"},\"thumbnailUrl\":\"https:\/\/www.huissier-luxembourg.be\/wp-content\/uploads\/2021\/03\/VIGNETTES_LAPRAILLE_Plan-de-travail-1.jpg\",\"articleSection\":[\"Tout voir\",\"Vid\u00e9os\"],\"inLanguage\":\"fr-FR\",\"potentialAction\":[{\"@type\":\"CommentAction\",\"name\":\"Comment\",\"target\":[\"https:\/\/www.huissier-luxembourg.be\/index.php\/2021\/03\/15\/le-constat-dhuissier\/#respond\"]}]},{\"@type\":\"WebPage\",\"@id\":\"https:\/\/www.huissier-luxembourg.be\/index.php\/2021\/03\/15\/le-constat-dhuissier\/\",\"url\":\"https:\/\/www.huissier-luxembourg.be\/index.php\/2021\/03\/15\/le-constat-dhuissier\/\",\"name\":\"Le constat d'huissier - L&#039;\u00e9tude des Huissiers de Justice Lapraille et Associ\u00e9s\",\"isPartOf\":{\"@id\":\"https:\/\/www.huissier-luxembourg.be\/#website\"},\"primaryImageOfPage\":{\"@id\":\"https:\/\/www.huissier-luxembourg.be\/index.php\/2021\/03\/15\/le-constat-dhuissier\/#primaryimage\"},\"image\":{\"@id\":\"https:\/\/www.huissier-luxembourg.be\/index.php\/2021\/03\/15\/le-constat-dhuissier\/#primaryimage\"},\"thumbnailUrl\":\"https:\/\/www.huissier-luxembourg.be\/wp-content\/uploads\/2021\/03\/VIGNETTES_LAPRAILLE_Plan-de-travail-1.jpg\",\"datePublished\":\"2021-03-15T14:36:00+00:00\",\"dateModified\":\"2023-05-24T07:25:50+00:00\",\"breadcrumb\":{\"@id\":\"https:\/\/www.huissier-luxembourg.be\/index.php\/2021\/03\/15\/le-constat-dhuissier\/#breadcrumb\"},\"inLanguage\":\"fr-FR\",\"potentialAction\":[{\"@type\":\"ReadAction\",\"target\":[\"https:\/\/www.huissier-luxembourg.be\/index.php\/2021\/03\/15\/le-constat-dhuissier\/\"]}]},{\"@type\":\"ImageObject\",\"inLanguage\":\"fr-FR\",\"@id\":\"https:\/\/www.huissier-luxembourg.be\/index.php\/2021\/03\/15\/le-constat-dhuissier\/#primaryimage\",\"url\":\"https:\/\/www.huissier-luxembourg.be\/wp-content\/uploads\/2021\/03\/VIGNETTES_LAPRAILLE_Plan-de-travail-1.jpg\",\"contentUrl\":\"https:\/\/www.huissier-luxembourg.be\/wp-content\/uploads\/2021\/03\/VIGNETTES_LAPRAILLE_Plan-de-travail-1.jpg\",\"width\":1920,\"height\":1080},{\"@type\":\"BreadcrumbList\",\"@id\":\"https:\/\/www.huissier-luxembourg.be\/index.php\/2021\/03\/15\/le-constat-dhuissier\/#breadcrumb\",\"itemListElement\":[{\"@type\":\"ListItem\",\"position\":1,\"name\":\"Accueil\",\"item\":\"https:\/\/www.huissier-luxembourg.be\/\"},{\"@type\":\"ListItem\",\"position\":2,\"name\":\"Le constat d&rsquo;huissier\"}]},{\"@type\":\"WebSite\",\"@id\":\"https:\/\/www.huissier-luxembourg.be\/#website\",\"url\":\"https:\/\/www.huissier-luxembourg.be\/\",\"name\":\"L&#039;\u00e9tude des Huissiers de Justice Lapraille et Associ\u00e9s\",\"description\":\"sur l&#039;ensemble du territoire de la province du Luxembourg\",\"publisher\":{\"@id\":\"https:\/\/www.huissier-luxembourg.be\/#organization\"},\"potentialAction\":[{\"@type\":\"SearchAction\",\"target\":{\"@type\":\"EntryPoint\",\"urlTemplate\":\"https:\/\/www.huissier-luxembourg.be\/?s={search_term_string}\"},\"query-input\":\"required name=search_term_string\"}],\"inLanguage\":\"fr-FR\"},{\"@type\":\"Organization\",\"@id\":\"https:\/\/www.huissier-luxembourg.be\/#organization\",\"name\":\"Etude des Huissiers de justice LAPRAILLE ET ASSOCIES\",\"url\":\"https:\/\/www.huissier-luxembourg.be\/\",\"logo\":{\"@type\":\"ImageObject\",\"inLanguage\":\"fr-FR\",\"@id\":\"https:\/\/www.huissier-luxembourg.be\/#\/schema\/logo\/image\/\",\"url\":\"https:\/\/www.huissier-luxembourg.be\/wp-content\/uploads\/2022\/01\/logo-lapraille.jpg\",\"contentUrl\":\"https:\/\/www.huissier-luxembourg.be\/wp-content\/uploads\/2022\/01\/logo-lapraille.jpg\",\"width\":130,\"height\":114,\"caption\":\"Etude des Huissiers de justice LAPRAILLE ET ASSOCIES\"},\"image\":{\"@id\":\"https:\/\/www.huissier-luxembourg.be\/#\/schema\/logo\/image\/\"},\"sameAs\":[\"https:\/\/www.facebook.com\/huissiersluxembourg\/\",\"https:\/\/www.linkedin.com\/in\/laetitia-lapraille\/?originalSubdomain=be\",\"https:\/\/www.youtube.com\/channel\/UCJnJC0NJQg3G3epwA9uN9Fg\"]},{\"@type\":\"Person\",\"@id\":\"https:\/\/www.huissier-luxembourg.be\/#\/schema\/person\/3f7a04113403cbb1dbc882d0e4ac21bc\",\"name\":\"admin\",\"image\":{\"@type\":\"ImageObject\",\"inLanguage\":\"fr-FR\",\"@id\":\"https:\/\/www.huissier-luxembourg.be\/#\/schema\/person\/image\/\",\"url\":\"https:\/\/secure.gravatar.com\/avatar\/a71ff7613c80f78119bcd30283463cff007fb388a6c6f90b4386d3c06b78f369?s=96&d=mm&r=g\",\"contentUrl\":\"https:\/\/secure.gravatar.com\/avatar\/a71ff7613c80f78119bcd30283463cff007fb388a6c6f90b4386d3c06b78f369?s=96&d=mm&r=g\",\"caption\":\"admin\"},\"sameAs\":[\"https:\/\/www.huissier-luxembourg.be\"],\"url\":\"https:\/\/www.huissier-luxembourg.be\/index.php\/author\/admin\/\"}]}<\/script>\n<!-- \/ Yoast SEO plugin. -->","yoast_head_json":{"title":"Le constat d'huissier - L&#039;\u00e9tude des Huissiers de Justice Lapraille et Associ\u00e9s","robots":{"index":"index","follow":"follow","max-snippet":"max-snippet:-1","max-image-preview":"max-image-preview:large","max-video-preview":"max-video-preview:-1"},"canonical":"https:\/\/www.huissier-luxembourg.be\/index.php\/2021\/03\/15\/le-constat-dhuissier\/","og_locale":"fr_FR","og_type":"article","og_title":"Le constat d'huissier - L&#039;\u00e9tude des Huissiers de Justice Lapraille et Associ\u00e9s","og_description":"Le constat comme preuve irr\u00e9futable en vue d'\u00e9viter ou de solutionner un litige. Cette vid\u00e9o illustre de mani\u00e8re non exhaustive les cas concrets.","og_url":"https:\/\/www.huissier-luxembourg.be\/index.php\/2021\/03\/15\/le-constat-dhuissier\/","og_site_name":"L&#039;\u00e9tude des Huissiers de Justice Lapraille et Associ\u00e9s","article_publisher":"https:\/\/www.facebook.com\/huissiersluxembourg\/","article_published_time":"2021-03-15T14:36:00+00:00","article_modified_time":"2023-05-24T07:25:50+00:00","og_image":[{"width":1920,"height":1080,"url":"https:\/\/www.huissier-luxembourg.be\/wp-content\/uploads\/2021\/03\/VIGNETTES_LAPRAILLE_Plan-de-travail-1.jpg","type":"image\/jpeg"}],"author":"admin","twitter_card":"summary_large_image","twitter_misc":{"\u00c9crit par":"admin"},"schema":{"@context":"https:\/\/schema.org","@graph":[{"@type":"Article","@id":"https:\/\/www.huissier-luxembourg.be\/index.php\/2021\/03\/15\/le-constat-dhuissier\/#article","isPartOf":{"@id":"https:\/\/www.huissier-luxembourg.be\/index.php\/2021\/03\/15\/le-constat-dhuissier\/"},"author":{"name":"admin","@id":"https:\/\/www.huissier-luxembourg.be\/#\/schema\/person\/3f7a04113403cbb1dbc882d0e4ac21bc"},"headline":"Le constat d&rsquo;huissier","datePublished":"2021-03-15T14:36:00+00:00","dateModified":"2023-05-24T07:25:50+00:00","mainEntityOfPage":{"@id":"https:\/\/www.huissier-luxembourg.be\/index.php\/2021\/03\/15\/le-constat-dhuissier\/"},"wordCount":14,"commentCount":0,"publisher":{"@id":"https:\/\/www.huissier-luxembourg.be\/#organization"},"image":{"@id":"https:\/\/www.huissier-luxembourg.be\/index.php\/2021\/03\/15\/le-constat-dhuissier\/#primaryimage"},"thumbnailUrl":"https:\/\/www.huissier-luxembourg.be\/wp-content\/uploads\/2021\/03\/VIGNETTES_LAPRAILLE_Plan-de-travail-1.jpg","articleSection":["Tout voir","Vid\u00e9os"],"inLanguage":"fr-FR","potentialAction":[{"@type":"CommentAction","name":"Comment","target":["https:\/\/www.huissier-luxembourg.be\/index.php\/2021\/03\/15\/le-constat-dhuissier\/#respond"]}]},{"@type":"WebPage","@id":"https:\/\/www.huissier-luxembourg.be\/index.php\/2021\/03\/15\/le-constat-dhuissier\/","url":"https:\/\/www.huissier-luxembourg.be\/index.php\/2021\/03\/15\/le-constat-dhuissier\/","name":"Le constat d'huissier - L&#039;\u00e9tude des Huissiers de Justice Lapraille et Associ\u00e9s","isPartOf":{"@id":"https:\/\/www.huissier-luxembourg.be\/#website"},"primaryImageOfPage":{"@id":"https:\/\/www.huissier-luxembourg.be\/index.php\/2021\/03\/15\/le-constat-dhuissier\/#primaryimage"},"image":{"@id":"https:\/\/www.huissier-luxembourg.be\/index.php\/2021\/03\/15\/le-constat-dhuissier\/#primaryimage"},"thumbnailUrl":"https:\/\/www.huissier-luxembourg.be\/wp-content\/uploads\/2021\/03\/VIGNETTES_LAPRAILLE_Plan-de-travail-1.jpg","datePublished":"2021-03-15T14:36:00+00:00","dateModified":"2023-05-24T07:25:50+00:00","breadcrumb":{"@id":"https:\/\/www.huissier-luxembourg.be\/index.php\/2021\/03\/15\/le-constat-dhuissier\/#breadcrumb"},"inLanguage":"fr-FR","potentialAction":[{"@type":"ReadAction","target":["https:\/\/www.huissier-luxembourg.be\/index.php\/2021\/03\/15\/le-constat-dhuissier\/"]}]},{"@type":"ImageObject","inLanguage":"fr-FR","@id":"https:\/\/www.huissier-luxembourg.be\/index.php\/2021\/03\/15\/le-constat-dhuissier\/#primaryimage","url":"https:\/\/www.huissier-luxembourg.be\/wp-content\/uploads\/2021\/03\/VIGNETTES_LAPRAILLE_Plan-de-travail-1.jpg","contentUrl":"https:\/\/www.huissier-luxembourg.be\/wp-content\/uploads\/2021\/03\/VIGNETTES_LAPRAILLE_Plan-de-travail-1.jpg","width":1920,"height":1080},{"@type":"BreadcrumbList","@id":"https:\/\/www.huissier-luxembourg.be\/index.php\/2021\/03\/15\/le-constat-dhuissier\/#breadcrumb","itemListElement":[{"@type":"ListItem","position":1,"name":"Accueil","item":"https:\/\/www.huissier-luxembourg.be\/"},{"@type":"ListItem","position":2,"name":"Le constat d&rsquo;huissier"}]},{"@type":"WebSite","@id":"https:\/\/www.huissier-luxembourg.be\/#website","url":"https:\/\/www.huissier-luxembourg.be\/","name":"L&#039;\u00e9tude des Huissiers de Justice Lapraille et Associ\u00e9s","description":"sur l&#039;ensemble du territoire de la province du Luxembourg","publisher":{"@id":"https:\/\/www.huissier-luxembourg.be\/#organization"},"potentialAction":[{"@type":"SearchAction","target":{"@type":"EntryPoint","urlTemplate":"https:\/\/www.huissier-luxembourg.be\/?s={search_term_string}"},"query-input":"required name=search_term_string"}],"inLanguage":"fr-FR"},{"@type":"Organization","@id":"https:\/\/www.huissier-luxembourg.be\/#organization","name":"Etude des Huissiers de justice LAPRAILLE ET ASSOCIES","url":"https:\/\/www.huissier-luxembourg.be\/","logo":{"@type":"ImageObject","inLanguage":"fr-FR","@id":"https:\/\/www.huissier-luxembourg.be\/#\/schema\/logo\/image\/","url":"https:\/\/www.huissier-luxembourg.be\/wp-content\/uploads\/2022\/01\/logo-lapraille.jpg","contentUrl":"https:\/\/www.huissier-luxembourg.be\/wp-content\/uploads\/2022\/01\/logo-lapraille.jpg","width":130,"height":114,"caption":"Etude des Huissiers de justice LAPRAILLE ET ASSOCIES"},"image":{"@id":"https:\/\/www.huissier-luxembourg.be\/#\/schema\/logo\/image\/"},"sameAs":["https:\/\/www.facebook.com\/huissiersluxembourg\/","https:\/\/www.linkedin.com\/in\/laetitia-lapraille\/?originalSubdomain=be","https:\/\/www.youtube.com\/channel\/UCJnJC0NJQg3G3epwA9uN9Fg"]},{"@type":"Person","@id":"https:\/\/www.huissier-luxembourg.be\/#\/schema\/person\/3f7a04113403cbb1dbc882d0e4ac21bc","name":"admin","image":{"@type":"ImageObject","inLanguage":"fr-FR","@id":"https:\/\/www.huissier-luxembourg.be\/#\/schema\/person\/image\/","url":"https:\/\/secure.gravatar.com\/avatar\/a71ff7613c80f78119bcd30283463cff007fb388a6c6f90b4386d3c06b78f369?s=96&d=mm&r=g","contentUrl":"https:\/\/secure.gravatar.com\/avatar\/a71ff7613c80f78119bcd30283463cff007fb388a6c6f90b4386d3c06b78f369?s=96&d=mm&r=g","caption":"admin"},"sameAs":["https:\/\/www.huissier-luxembourg.be"],"url":"https:\/\/www.huissier-luxembourg.be\/index.php\/author\/admin\/"}]}},"publishpress_future_action":{"enabled":false,"date":"2026-05-09 15:21:25","action":"change-status","newStatus":"draft","terms":[],"taxonomy":"category"},"_links":{"self":[{"href":"https:\/\/www.huissier-luxembourg.be\/index.php\/wp-json\/wp\/v2\/posts\/511","targetHints":{"allow":["GET"]}}],"collection":[{"href":"https:\/\/www.huissier-luxembourg.be\/index.php\/wp-json\/wp\/v2\/posts"}],"about":[{"href":"https:\/\/www.huissier-luxembourg.be\/index.php\/wp-json\/wp\/v2\/types\/post"}],"author":[{"embeddable":true,"href":"https:\/\/www.huissier-luxembourg.be\/index.php\/wp-json\/wp\/v2\/users\/1"}],"replies":[{"embeddable":true,"href":"https:\/\/www.huissier-luxembourg.be\/index.php\/wp-json\/wp\/v2\/comments?post=511"}],"version-history":[{"count":5,"href":"https:\/\/www.huissier-luxembourg.be\/index.php\/wp-json\/wp\/v2\/posts\/511\/revisions"}],"predecessor-version":[{"id":1179,"href":"https:\/\/www.huissier-luxembourg.be\/index.php\/wp-json\/wp\/v2\/posts\/511\/revisions\/1179"}],"wp:featuredmedia":[{"embeddable":true,"href":"https:\/\/www.huissier-luxembourg.be\/index.php\/wp-json\/wp\/v2\/media\/1178"}],"wp:attachment":[{"href":"https:\/\/www.huissier-luxembourg.be\/index.php\/wp-json\/wp\/v2\/media?parent=511"}],"wp:term":[{"taxonomy":"category","embeddable":true,"href":"https:\/\/www.huissier-luxembourg.be\/index.php\/wp-json\/wp\/v2\/categories?post=511"},{"taxonomy":"post_tag","embeddable":true,"href":"https:\/\/www.huissier-luxembourg.be\/index.php\/wp-json\/wp\/v2\/tags?post=511"}],"curies":[{"name":"wp","href":"https:\/\/api.w.org\/{rel}","templated":true}]}}