{"id":1718,"date":"2022-11-08T13:35:41","date_gmt":"2022-11-08T12:35:41","guid":{"rendered":"https:\/\/www.huissier-luxembourg.be\/?p=1718"},"modified":"2023-09-28T12:28:54","modified_gmt":"2023-09-28T10:28:54","slug":"nouveaute-constat-par-drone","status":"publish","type":"post","link":"https:\/\/www.huissier-luxembourg.be\/index.php\/2022\/11\/08\/nouveaute-constat-par-drone\/","title":{"rendered":"Nouveaut\u00e9 !! Constats par drone"},"content":{"rendered":"\t\t<div data-elementor-type=\"wp-post\" data-elementor-id=\"1718\" class=\"elementor elementor-1718\" data-elementor-post-type=\"post\">\n\t\t\t\t\t\t<section class=\"elementor-section elementor-top-section elementor-element elementor-element-1e90804 elementor-section-boxed elementor-section-height-default elementor-section-height-default\" data-id=\"1e90804\" data-element_type=\"section\">\n\t\t\t\t\t\t<div class=\"elementor-container elementor-column-gap-default\">\n\t\t\t\t\t<div class=\"elementor-column elementor-col-100 elementor-top-column elementor-element elementor-element-f8411c4\" data-id=\"f8411c4\" data-element_type=\"column\">\n\t\t\t<div class=\"elementor-widget-wrap elementor-element-populated\">\n\t\t\t\t\t\t<div class=\"elementor-element elementor-element-743086d elementor-widget elementor-widget-heading\" data-id=\"743086d\" data-element_type=\"widget\" data-widget_type=\"heading.default\">\n\t\t\t\t<div class=\"elementor-widget-container\">\n\t\t\t<h2 class=\"elementor-heading-title elementor-size-default\">Constats par drone<\/h2>\t\t<\/div>\n\t\t\t\t<\/div>\n\t\t\t\t<div class=\"elementor-element elementor-element-da4e9da elementor-widget elementor-widget-text-editor\" data-id=\"da4e9da\" data-element_type=\"widget\" data-widget_type=\"text-editor.default\">\n\t\t\t\t<div class=\"elementor-widget-container\">\n\t\t\t\t\t\t\t<p>L\u2019Etude Lapraille &amp; Associ\u00e9s a le plaisir de vous annoncer qu\u2019il sera d\u00e9sormais possible de r\u00e9aliser des constats par l\u2019interm\u00e9diaire de notre nouvel outil de travail\u00a0: <strong>le drone Mavic3 de DJI.<\/strong><\/p><p><strong>En effet<\/strong>, Ma\u00eetre LAPRAILLE Laetitia,<em> huissier de justice<\/em>, et Monsieur MARTING Dorian, <em>stagiaire-huissier de justice<\/em>, ont r\u00e9cemment obtenu le permis requis pour l\u2019utiliser.<\/p><p>Forts de notre exp\u00e9rience dans la r\u00e9alisation des constats, nous nous sommes rendu compte que certains lieux \u00e9taient particuli\u00e8rement difficiles d\u2019acc\u00e8s, voire p\u00e9rilleux, tels que des fa\u00e7ades d\u2019immeubles, des toitures ou encore des haies, et que nous devions nous adapter \u00e0 ces probl\u00e8mes par le biais d\u2019une solution technologique.<\/p><p>N\u2019ayez crainte, ce constat aura la m\u00eame valeur qu\u2019un constat classique.<br \/>N\u2019h\u00e9sitez donc pas \u00e0 prendre contact avec l\u2019Etude\u00a0!<\/p>\t\t\t\t\t\t<\/div>\n\t\t\t\t<\/div>\n\t\t\t\t<div class=\"elementor-element elementor-element-1f40dd8 elementor-widget elementor-widget-text-editor\" data-id=\"1f40dd8\" data-element_type=\"widget\" data-widget_type=\"text-editor.default\">\n\t\t\t\t<div class=\"elementor-widget-container\">\n\t\t\t\t\t\t\t<p>Lapraille &amp; Associ\u00e9s,<br \/>Des Huissiers qui vous veulent du bien<\/p>\t\t\t\t\t\t<\/div>\n\t\t\t\t<\/div>\n\t\t\t\t\t<\/div>\n\t\t<\/div>\n\t\t\t\t\t<\/div>\n\t\t<\/section>\n\t\t\t\t<\/div>\n\t\t","protected":false},"excerpt":{"rendered":"<p>Constats par drone L\u2019Etude Lapraille &amp; Associ\u00e9s a le plaisir de vous annoncer qu\u2019il sera d\u00e9sormais possible de r\u00e9aliser des constats par l\u2019interm\u00e9diaire de notre nouvel outil de travail\u00a0: le drone Mavic3 de DJI. En effet, Ma\u00eetre LAPRAILLE Laetitia, huissier de justice, et Monsieur MARTING Dorian, stagiaire-huissier de justice, ont r\u00e9cemment obtenu le permis requis [&hellip;]<\/p>\n","protected":false},"author":1,"featured_media":1721,"comment_status":"closed","ping_status":"open","sticky":false,"template":"","format":"standard","meta":{"footnotes":""},"categories":[1,10],"tags":[],"class_list":["post-1718","post","type-post","status-publish","format-standard","has-post-thumbnail","hentry","category-actualites","category-tout-voir"],"yoast_head":"<!-- This site is optimized with the Yoast SEO plugin v22.6 - https:\/\/yoast.com\/wordpress\/plugins\/seo\/ -->\n<title>Nouveaut\u00e9 !! Constats par drone - L&#039;\u00e9tude des Huissiers de Justice Lapraille et Associ\u00e9s<\/title>\n<meta name=\"robots\" content=\"index, follow, max-snippet:-1, max-image-preview:large, max-video-preview:-1\" \/>\n<link rel=\"canonical\" href=\"https:\/\/www.huissier-luxembourg.be\/index.php\/2022\/11\/08\/nouveaute-constat-par-drone\/\" \/>\n<meta property=\"og:locale\" content=\"fr_FR\" \/>\n<meta property=\"og:type\" content=\"article\" \/>\n<meta property=\"og:title\" content=\"Nouveaut\u00e9 !! Constats par drone - L&#039;\u00e9tude des Huissiers de Justice Lapraille et Associ\u00e9s\" \/>\n<meta property=\"og:description\" content=\"Constats par drone L\u2019Etude Lapraille &amp; Associ\u00e9s a le plaisir de vous annoncer qu\u2019il sera d\u00e9sormais possible de r\u00e9aliser des constats par l\u2019interm\u00e9diaire de notre nouvel outil de travail\u00a0: le drone Mavic3 de DJI. En effet, Ma\u00eetre LAPRAILLE Laetitia, huissier de justice, et Monsieur MARTING Dorian, stagiaire-huissier de justice, ont r\u00e9cemment obtenu le permis requis [&hellip;]\" \/>\n<meta property=\"og:url\" content=\"https:\/\/www.huissier-luxembourg.be\/index.php\/2022\/11\/08\/nouveaute-constat-par-drone\/\" \/>\n<meta property=\"og:site_name\" content=\"L&#039;\u00e9tude des Huissiers de Justice Lapraille et Associ\u00e9s\" \/>\n<meta property=\"article:publisher\" content=\"https:\/\/www.facebook.com\/huissiersluxembourg\/\" \/>\n<meta property=\"article:published_time\" content=\"2022-11-08T12:35:41+00:00\" \/>\n<meta property=\"article:modified_time\" content=\"2023-09-28T10:28:54+00:00\" \/>\n<meta property=\"og:image\" content=\"https:\/\/www.huissier-luxembourg.be\/wp-content\/uploads\/2022\/11\/jared-brashier-duNHkmSkW6M-unsplash-scaled.jpg\" \/>\n\t<meta property=\"og:image:width\" content=\"2560\" \/>\n\t<meta property=\"og:image:height\" content=\"1920\" \/>\n\t<meta property=\"og:image:type\" content=\"image\/jpeg\" \/>\n<meta name=\"author\" content=\"admin\" \/>\n<meta name=\"twitter:card\" content=\"summary_large_image\" \/>\n<meta name=\"twitter:title\" content=\"Nouveaut\u00e9 !! Constats par drone - L&#039;\u00e9tude des Huissiers de Justice Lapraille et Associ\u00e9s\" \/>\n<meta name=\"twitter:image\" content=\"https:\/\/www.huissier-luxembourg.be\/wp-content\/uploads\/2022\/11\/jared-brashier-duNHkmSkW6M-unsplash-scaled.jpg\" \/>\n<meta name=\"twitter:label1\" content=\"\u00c9crit par\" \/>\n\t<meta name=\"twitter:data1\" content=\"admin\" \/>\n\t<meta name=\"twitter:label2\" content=\"Dur\u00e9e de lecture estim\u00e9e\" \/>\n\t<meta name=\"twitter:data2\" content=\"1 minute\" \/>\n<script type=\"application\/ld+json\" class=\"yoast-schema-graph\">{\"@context\":\"https:\/\/schema.org\",\"@graph\":[{\"@type\":\"Article\",\"@id\":\"https:\/\/www.huissier-luxembourg.be\/index.php\/2022\/11\/08\/nouveaute-constat-par-drone\/#article\",\"isPartOf\":{\"@id\":\"https:\/\/www.huissier-luxembourg.be\/index.php\/2022\/11\/08\/nouveaute-constat-par-drone\/\"},\"author\":{\"name\":\"admin\",\"@id\":\"https:\/\/www.huissier-luxembourg.be\/#\/schema\/person\/3f7a04113403cbb1dbc882d0e4ac21bc\"},\"headline\":\"Nouveaut\u00e9 !! Constats par drone\",\"datePublished\":\"2022-11-08T12:35:41+00:00\",\"dateModified\":\"2023-09-28T10:28:54+00:00\",\"mainEntityOfPage\":{\"@id\":\"https:\/\/www.huissier-luxembourg.be\/index.php\/2022\/11\/08\/nouveaute-constat-par-drone\/\"},\"wordCount\":164,\"publisher\":{\"@id\":\"https:\/\/www.huissier-luxembourg.be\/#organization\"},\"image\":{\"@id\":\"https:\/\/www.huissier-luxembourg.be\/index.php\/2022\/11\/08\/nouveaute-constat-par-drone\/#primaryimage\"},\"thumbnailUrl\":\"https:\/\/www.huissier-luxembourg.be\/wp-content\/uploads\/2022\/11\/jared-brashier-duNHkmSkW6M-unsplash-scaled.jpg\",\"articleSection\":[\"Actualit\u00e9s\",\"Tout voir\"],\"inLanguage\":\"fr-FR\"},{\"@type\":\"WebPage\",\"@id\":\"https:\/\/www.huissier-luxembourg.be\/index.php\/2022\/11\/08\/nouveaute-constat-par-drone\/\",\"url\":\"https:\/\/www.huissier-luxembourg.be\/index.php\/2022\/11\/08\/nouveaute-constat-par-drone\/\",\"name\":\"Nouveaut\u00e9 !! Constats par drone - L&#039;\u00e9tude des Huissiers de Justice Lapraille et Associ\u00e9s\",\"isPartOf\":{\"@id\":\"https:\/\/www.huissier-luxembourg.be\/#website\"},\"primaryImageOfPage\":{\"@id\":\"https:\/\/www.huissier-luxembourg.be\/index.php\/2022\/11\/08\/nouveaute-constat-par-drone\/#primaryimage\"},\"image\":{\"@id\":\"https:\/\/www.huissier-luxembourg.be\/index.php\/2022\/11\/08\/nouveaute-constat-par-drone\/#primaryimage\"},\"thumbnailUrl\":\"https:\/\/www.huissier-luxembourg.be\/wp-content\/uploads\/2022\/11\/jared-brashier-duNHkmSkW6M-unsplash-scaled.jpg\",\"datePublished\":\"2022-11-08T12:35:41+00:00\",\"dateModified\":\"2023-09-28T10:28:54+00:00\",\"breadcrumb\":{\"@id\":\"https:\/\/www.huissier-luxembourg.be\/index.php\/2022\/11\/08\/nouveaute-constat-par-drone\/#breadcrumb\"},\"inLanguage\":\"fr-FR\",\"potentialAction\":[{\"@type\":\"ReadAction\",\"target\":[\"https:\/\/www.huissier-luxembourg.be\/index.php\/2022\/11\/08\/nouveaute-constat-par-drone\/\"]}]},{\"@type\":\"ImageObject\",\"inLanguage\":\"fr-FR\",\"@id\":\"https:\/\/www.huissier-luxembourg.be\/index.php\/2022\/11\/08\/nouveaute-constat-par-drone\/#primaryimage\",\"url\":\"https:\/\/www.huissier-luxembourg.be\/wp-content\/uploads\/2022\/11\/jared-brashier-duNHkmSkW6M-unsplash-scaled.jpg\",\"contentUrl\":\"https:\/\/www.huissier-luxembourg.be\/wp-content\/uploads\/2022\/11\/jared-brashier-duNHkmSkW6M-unsplash-scaled.jpg\",\"width\":2560,\"height\":1920},{\"@type\":\"BreadcrumbList\",\"@id\":\"https:\/\/www.huissier-luxembourg.be\/index.php\/2022\/11\/08\/nouveaute-constat-par-drone\/#breadcrumb\",\"itemListElement\":[{\"@type\":\"ListItem\",\"position\":1,\"name\":\"Accueil\",\"item\":\"https:\/\/www.huissier-luxembourg.be\/\"},{\"@type\":\"ListItem\",\"position\":2,\"name\":\"Nouveaut\u00e9 !! Constats par drone\"}]},{\"@type\":\"WebSite\",\"@id\":\"https:\/\/www.huissier-luxembourg.be\/#website\",\"url\":\"https:\/\/www.huissier-luxembourg.be\/\",\"name\":\"L&#039;\u00e9tude des Huissiers de Justice Lapraille et Associ\u00e9s\",\"description\":\"sur l&#039;ensemble du territoire de la province du Luxembourg\",\"publisher\":{\"@id\":\"https:\/\/www.huissier-luxembourg.be\/#organization\"},\"potentialAction\":[{\"@type\":\"SearchAction\",\"target\":{\"@type\":\"EntryPoint\",\"urlTemplate\":\"https:\/\/www.huissier-luxembourg.be\/?s={search_term_string}\"},\"query-input\":\"required name=search_term_string\"}],\"inLanguage\":\"fr-FR\"},{\"@type\":\"Organization\",\"@id\":\"https:\/\/www.huissier-luxembourg.be\/#organization\",\"name\":\"Etude des Huissiers de justice LAPRAILLE ET ASSOCIES\",\"url\":\"https:\/\/www.huissier-luxembourg.be\/\",\"logo\":{\"@type\":\"ImageObject\",\"inLanguage\":\"fr-FR\",\"@id\":\"https:\/\/www.huissier-luxembourg.be\/#\/schema\/logo\/image\/\",\"url\":\"https:\/\/www.huissier-luxembourg.be\/wp-content\/uploads\/2022\/01\/logo-lapraille.jpg\",\"contentUrl\":\"https:\/\/www.huissier-luxembourg.be\/wp-content\/uploads\/2022\/01\/logo-lapraille.jpg\",\"width\":130,\"height\":114,\"caption\":\"Etude des Huissiers de justice LAPRAILLE ET ASSOCIES\"},\"image\":{\"@id\":\"https:\/\/www.huissier-luxembourg.be\/#\/schema\/logo\/image\/\"},\"sameAs\":[\"https:\/\/www.facebook.com\/huissiersluxembourg\/\",\"https:\/\/www.linkedin.com\/in\/laetitia-lapraille\/?originalSubdomain=be\",\"https:\/\/www.youtube.com\/channel\/UCJnJC0NJQg3G3epwA9uN9Fg\"]},{\"@type\":\"Person\",\"@id\":\"https:\/\/www.huissier-luxembourg.be\/#\/schema\/person\/3f7a04113403cbb1dbc882d0e4ac21bc\",\"name\":\"admin\",\"image\":{\"@type\":\"ImageObject\",\"inLanguage\":\"fr-FR\",\"@id\":\"https:\/\/www.huissier-luxembourg.be\/#\/schema\/person\/image\/\",\"url\":\"https:\/\/secure.gravatar.com\/avatar\/a71ff7613c80f78119bcd30283463cff007fb388a6c6f90b4386d3c06b78f369?s=96&d=mm&r=g\",\"contentUrl\":\"https:\/\/secure.gravatar.com\/avatar\/a71ff7613c80f78119bcd30283463cff007fb388a6c6f90b4386d3c06b78f369?s=96&d=mm&r=g\",\"caption\":\"admin\"},\"sameAs\":[\"https:\/\/www.huissier-luxembourg.be\"],\"url\":\"https:\/\/www.huissier-luxembourg.be\/index.php\/author\/admin\/\"}]}<\/script>\n<!-- \/ Yoast SEO plugin. -->","yoast_head_json":{"title":"Nouveaut\u00e9 !! Constats par drone - L&#039;\u00e9tude des Huissiers de Justice Lapraille et Associ\u00e9s","robots":{"index":"index","follow":"follow","max-snippet":"max-snippet:-1","max-image-preview":"max-image-preview:large","max-video-preview":"max-video-preview:-1"},"canonical":"https:\/\/www.huissier-luxembourg.be\/index.php\/2022\/11\/08\/nouveaute-constat-par-drone\/","og_locale":"fr_FR","og_type":"article","og_title":"Nouveaut\u00e9 !! Constats par drone - L&#039;\u00e9tude des Huissiers de Justice Lapraille et Associ\u00e9s","og_description":"Constats par drone L\u2019Etude Lapraille &amp; Associ\u00e9s a le plaisir de vous annoncer qu\u2019il sera d\u00e9sormais possible de r\u00e9aliser des constats par l\u2019interm\u00e9diaire de notre nouvel outil de travail\u00a0: le drone Mavic3 de DJI. En effet, Ma\u00eetre LAPRAILLE Laetitia, huissier de justice, et Monsieur MARTING Dorian, stagiaire-huissier de justice, ont r\u00e9cemment obtenu le permis requis [&hellip;]","og_url":"https:\/\/www.huissier-luxembourg.be\/index.php\/2022\/11\/08\/nouveaute-constat-par-drone\/","og_site_name":"L&#039;\u00e9tude des Huissiers de Justice Lapraille et Associ\u00e9s","article_publisher":"https:\/\/www.facebook.com\/huissiersluxembourg\/","article_published_time":"2022-11-08T12:35:41+00:00","article_modified_time":"2023-09-28T10:28:54+00:00","og_image":[{"width":2560,"height":1920,"url":"https:\/\/www.huissier-luxembourg.be\/wp-content\/uploads\/2022\/11\/jared-brashier-duNHkmSkW6M-unsplash-scaled.jpg","type":"image\/jpeg"}],"author":"admin","twitter_card":"summary_large_image","twitter_title":"Nouveaut\u00e9 !! Constats par drone - L&#039;\u00e9tude des Huissiers de Justice Lapraille et Associ\u00e9s","twitter_image":"https:\/\/www.huissier-luxembourg.be\/wp-content\/uploads\/2022\/11\/jared-brashier-duNHkmSkW6M-unsplash-scaled.jpg","twitter_misc":{"\u00c9crit par":"admin","Dur\u00e9e de lecture estim\u00e9e":"1 minute"},"schema":{"@context":"https:\/\/schema.org","@graph":[{"@type":"Article","@id":"https:\/\/www.huissier-luxembourg.be\/index.php\/2022\/11\/08\/nouveaute-constat-par-drone\/#article","isPartOf":{"@id":"https:\/\/www.huissier-luxembourg.be\/index.php\/2022\/11\/08\/nouveaute-constat-par-drone\/"},"author":{"name":"admin","@id":"https:\/\/www.huissier-luxembourg.be\/#\/schema\/person\/3f7a04113403cbb1dbc882d0e4ac21bc"},"headline":"Nouveaut\u00e9 !! Constats par drone","datePublished":"2022-11-08T12:35:41+00:00","dateModified":"2023-09-28T10:28:54+00:00","mainEntityOfPage":{"@id":"https:\/\/www.huissier-luxembourg.be\/index.php\/2022\/11\/08\/nouveaute-constat-par-drone\/"},"wordCount":164,"publisher":{"@id":"https:\/\/www.huissier-luxembourg.be\/#organization"},"image":{"@id":"https:\/\/www.huissier-luxembourg.be\/index.php\/2022\/11\/08\/nouveaute-constat-par-drone\/#primaryimage"},"thumbnailUrl":"https:\/\/www.huissier-luxembourg.be\/wp-content\/uploads\/2022\/11\/jared-brashier-duNHkmSkW6M-unsplash-scaled.jpg","articleSection":["Actualit\u00e9s","Tout voir"],"inLanguage":"fr-FR"},{"@type":"WebPage","@id":"https:\/\/www.huissier-luxembourg.be\/index.php\/2022\/11\/08\/nouveaute-constat-par-drone\/","url":"https:\/\/www.huissier-luxembourg.be\/index.php\/2022\/11\/08\/nouveaute-constat-par-drone\/","name":"Nouveaut\u00e9 !! Constats par drone - L&#039;\u00e9tude des Huissiers de Justice Lapraille et Associ\u00e9s","isPartOf":{"@id":"https:\/\/www.huissier-luxembourg.be\/#website"},"primaryImageOfPage":{"@id":"https:\/\/www.huissier-luxembourg.be\/index.php\/2022\/11\/08\/nouveaute-constat-par-drone\/#primaryimage"},"image":{"@id":"https:\/\/www.huissier-luxembourg.be\/index.php\/2022\/11\/08\/nouveaute-constat-par-drone\/#primaryimage"},"thumbnailUrl":"https:\/\/www.huissier-luxembourg.be\/wp-content\/uploads\/2022\/11\/jared-brashier-duNHkmSkW6M-unsplash-scaled.jpg","datePublished":"2022-11-08T12:35:41+00:00","dateModified":"2023-09-28T10:28:54+00:00","breadcrumb":{"@id":"https:\/\/www.huissier-luxembourg.be\/index.php\/2022\/11\/08\/nouveaute-constat-par-drone\/#breadcrumb"},"inLanguage":"fr-FR","potentialAction":[{"@type":"ReadAction","target":["https:\/\/www.huissier-luxembourg.be\/index.php\/2022\/11\/08\/nouveaute-constat-par-drone\/"]}]},{"@type":"ImageObject","inLanguage":"fr-FR","@id":"https:\/\/www.huissier-luxembourg.be\/index.php\/2022\/11\/08\/nouveaute-constat-par-drone\/#primaryimage","url":"https:\/\/www.huissier-luxembourg.be\/wp-content\/uploads\/2022\/11\/jared-brashier-duNHkmSkW6M-unsplash-scaled.jpg","contentUrl":"https:\/\/www.huissier-luxembourg.be\/wp-content\/uploads\/2022\/11\/jared-brashier-duNHkmSkW6M-unsplash-scaled.jpg","width":2560,"height":1920},{"@type":"BreadcrumbList","@id":"https:\/\/www.huissier-luxembourg.be\/index.php\/2022\/11\/08\/nouveaute-constat-par-drone\/#breadcrumb","itemListElement":[{"@type":"ListItem","position":1,"name":"Accueil","item":"https:\/\/www.huissier-luxembourg.be\/"},{"@type":"ListItem","position":2,"name":"Nouveaut\u00e9 !! Constats par drone"}]},{"@type":"WebSite","@id":"https:\/\/www.huissier-luxembourg.be\/#website","url":"https:\/\/www.huissier-luxembourg.be\/","name":"L&#039;\u00e9tude des Huissiers de Justice Lapraille et Associ\u00e9s","description":"sur l&#039;ensemble du territoire de la province du Luxembourg","publisher":{"@id":"https:\/\/www.huissier-luxembourg.be\/#organization"},"potentialAction":[{"@type":"SearchAction","target":{"@type":"EntryPoint","urlTemplate":"https:\/\/www.huissier-luxembourg.be\/?s={search_term_string}"},"query-input":"required name=search_term_string"}],"inLanguage":"fr-FR"},{"@type":"Organization","@id":"https:\/\/www.huissier-luxembourg.be\/#organization","name":"Etude des Huissiers de justice LAPRAILLE ET ASSOCIES","url":"https:\/\/www.huissier-luxembourg.be\/","logo":{"@type":"ImageObject","inLanguage":"fr-FR","@id":"https:\/\/www.huissier-luxembourg.be\/#\/schema\/logo\/image\/","url":"https:\/\/www.huissier-luxembourg.be\/wp-content\/uploads\/2022\/01\/logo-lapraille.jpg","contentUrl":"https:\/\/www.huissier-luxembourg.be\/wp-content\/uploads\/2022\/01\/logo-lapraille.jpg","width":130,"height":114,"caption":"Etude des Huissiers de justice LAPRAILLE ET ASSOCIES"},"image":{"@id":"https:\/\/www.huissier-luxembourg.be\/#\/schema\/logo\/image\/"},"sameAs":["https:\/\/www.facebook.com\/huissiersluxembourg\/","https:\/\/www.linkedin.com\/in\/laetitia-lapraille\/?originalSubdomain=be","https:\/\/www.youtube.com\/channel\/UCJnJC0NJQg3G3epwA9uN9Fg"]},{"@type":"Person","@id":"https:\/\/www.huissier-luxembourg.be\/#\/schema\/person\/3f7a04113403cbb1dbc882d0e4ac21bc","name":"admin","image":{"@type":"ImageObject","inLanguage":"fr-FR","@id":"https:\/\/www.huissier-luxembourg.be\/#\/schema\/person\/image\/","url":"https:\/\/secure.gravatar.com\/avatar\/a71ff7613c80f78119bcd30283463cff007fb388a6c6f90b4386d3c06b78f369?s=96&d=mm&r=g","contentUrl":"https:\/\/secure.gravatar.com\/avatar\/a71ff7613c80f78119bcd30283463cff007fb388a6c6f90b4386d3c06b78f369?s=96&d=mm&r=g","caption":"admin"},"sameAs":["https:\/\/www.huissier-luxembourg.be"],"url":"https:\/\/www.huissier-luxembourg.be\/index.php\/author\/admin\/"}]}},"publishpress_future_action":{"enabled":false,"date":"2026-05-07 10:30:16","action":"change-status","newStatus":"draft","terms":[],"taxonomy":"category"},"_links":{"self":[{"href":"https:\/\/www.huissier-luxembourg.be\/index.php\/wp-json\/wp\/v2\/posts\/1718","targetHints":{"allow":["GET"]}}],"collection":[{"href":"https:\/\/www.huissier-luxembourg.be\/index.php\/wp-json\/wp\/v2\/posts"}],"about":[{"href":"https:\/\/www.huissier-luxembourg.be\/index.php\/wp-json\/wp\/v2\/types\/post"}],"author":[{"embeddable":true,"href":"https:\/\/www.huissier-luxembourg.be\/index.php\/wp-json\/wp\/v2\/users\/1"}],"replies":[{"embeddable":true,"href":"https:\/\/www.huissier-luxembourg.be\/index.php\/wp-json\/wp\/v2\/comments?post=1718"}],"version-history":[{"count":8,"href":"https:\/\/www.huissier-luxembourg.be\/index.php\/wp-json\/wp\/v2\/posts\/1718\/revisions"}],"predecessor-version":[{"id":1728,"href":"https:\/\/www.huissier-luxembourg.be\/index.php\/wp-json\/wp\/v2\/posts\/1718\/revisions\/1728"}],"wp:featuredmedia":[{"embeddable":true,"href":"https:\/\/www.huissier-luxembourg.be\/index.php\/wp-json\/wp\/v2\/media\/1721"}],"wp:attachment":[{"href":"https:\/\/www.huissier-luxembourg.be\/index.php\/wp-json\/wp\/v2\/media?parent=1718"}],"wp:term":[{"taxonomy":"category","embeddable":true,"href":"https:\/\/www.huissier-luxembourg.be\/index.php\/wp-json\/wp\/v2\/categories?post=1718"},{"taxonomy":"post_tag","embeddable":true,"href":"https:\/\/www.huissier-luxembourg.be\/index.php\/wp-json\/wp\/v2\/tags?post=1718"}],"curies":[{"name":"wp","href":"https:\/\/api.w.org\/{rel}","templated":true}]}}